{"id":1114,"date":"2017-04-24T21:32:56","date_gmt":"2017-04-24T21:32:56","guid":{"rendered":"http:\/\/witoldgromowski.com\/?p=1114"},"modified":"2017-04-24T21:32:56","modified_gmt":"2017-04-24T21:32:56","slug":"cztery-powolania-do-kadry","status":"publish","type":"post","link":"https:\/\/witoldgromowski.com\/index.php\/2017\/04\/24\/cztery-powolania-do-kadry\/","title":{"rendered":"Cztery powo\u0142ania do Kadry!"},"content":{"rendered":"<p>Czterech zawodnik\u00f3w Taekwon-do Gromowski zosta\u0142o powo\u0142anych do Kadry Narodowej!<br \/>\nMateusz Biega\u0144ski &#8211; Dzia\u0142dowo<br \/>\nWeronika Brzozowska &#8211; Toru\u0144<br \/>\nJustyna Szatkowska &#8211; M\u0142awa<br \/>\nMarta Kaczmarczyk &#8211; Dzia\u0142dowo<!--more--><\/p>\n<p>Imi\u0119 i nazwisko kadrowicza -Mateusz Biega\u0144ski<br \/>\nKategoria wiekowa &#8211; Junior<br \/>\nSekcja &#8211; Dzia\u0142dowo<br \/>\nTrener &#8211; Witold Gromowski<br \/>\nLiczba punkt\u00f3w rankingowych &#8211; 20<br \/>\nI miejsce walki semi contact + 80 kg<br \/>\nI miejsce walki light contact + 80 kg<br \/>\nIII miejsce uk\u0142ady formalne<\/p>\n<p><a href=\"http:\/\/witoldgromowski.com\/wp-content\/uploads\/2017\/04\/17904194_1079563708816050_2771391287380852864_n.jpg\"><img loading=\"lazy\" decoding=\"async\" class=\"alignleft wp-image-1116 size-full\" title=\"Taekwon-do Gromowski Kadra Polski Dzia\u0142dowo Mateusz Biega\u0144ski\" src=\"http:\/\/witoldgromowski.com\/wp-content\/uploads\/2017\/04\/17904194_1079563708816050_2771391287380852864_n.jpg\" alt=\"Taekwon-do Gromowski Kadra Polski Dzia\u0142dowo Mateusz Biega\u0144ski\" width=\"480\" height=\"287\" \/><\/a><\/p>\n<p>&nbsp;<\/p>\n<p>&nbsp;<\/p>\n<p>&nbsp;<\/p>\n<p>&nbsp;<\/p>\n<p>&nbsp;<\/p>\n<p>&nbsp;<\/p>\n<p>&nbsp;<\/p>\n<p>&nbsp;<\/p>\n<p>Imi\u0119 i nazwisko kadrowicza &#8211; Weronika Brzozowska<br \/>\nKategoria wiekowa &#8211; Senior<br \/>\nSekcja &#8211; Toru\u0144 Bielany<br \/>\nTrener &#8211; Damian Gromowski<br \/>\nLiczba punkt\u00f3w rankingowych &#8211; 18<br \/>\nII miejsce walki semi contact &#8211; 65 kg<br \/>\nI miejsce walki light contact &#8211; 65 kg<br \/>\nIII miejsce uk\u0142ady formalne<br \/>\nI miejsce uk\u0142ady formalne dru\u017cynowe &#8211; konkurencja nierankingowa<\/p>\n<p><a href=\"http:\/\/witoldgromowski.com\/wp-content\/uploads\/2017\/04\/17880497_1079571198815301_732852582648041438_o.jpg\"><img loading=\"lazy\" decoding=\"async\" class=\"alignleft wp-image-1115\" title=\"Taekwon-do Gromowski Kadra Polski Toru\u0144 Weronika Brzozowska\" src=\"http:\/\/witoldgromowski.com\/wp-content\/uploads\/2017\/04\/17880497_1079571198815301_732852582648041438_o.jpg\" alt=\"Taekwon-do Gromowski Kadra Polski Toru\u0144 Weronika Brzozowska\" width=\"497\" height=\"308\" srcset=\"https:\/\/witoldgromowski.com\/wp-content\/uploads\/2017\/04\/17880497_1079571198815301_732852582648041438_o.jpg 1015w, https:\/\/witoldgromowski.com\/wp-content\/uploads\/2017\/04\/17880497_1079571198815301_732852582648041438_o-300x186.jpg 300w\" sizes=\"auto, (max-width: 497px) 100vw, 497px\" \/><\/a><\/p>\n<p>&nbsp;<\/p>\n<p>&nbsp;<\/p>\n<p>&nbsp;<\/p>\n<p>&nbsp;<\/p>\n<p>&nbsp;<\/p>\n<p>&nbsp;<\/p>\n<p>&nbsp;<\/p>\n<p>&nbsp;<\/p>\n<p>Imi\u0119 i nazwisko kadrowicza &#8211; Marta Kaczmarczyk<br \/>\nKategoria wiekowa &#8211; Junior<br \/>\nSekcja &#8211; Dzia\u0142dowo<br \/>\nTrener &#8211; Witold Gromowski<br \/>\nLiczba punkt\u00f3w rankingowych &#8211; 16<br \/>\nI miejsce walki semi contact + 65 kg<br \/>\nI miejsce walki light contact + 65 kg<\/p>\n<p><a href=\"http:\/\/witoldgromowski.com\/wp-content\/uploads\/2017\/04\/17917674_1079565138815907_3522221914675689870_o.jpg\"><img loading=\"lazy\" decoding=\"async\" class=\"alignleft wp-image-1117\" title=\"Taekwon-do Gromowski Kadra Polski Dzia\u0142dowo Marta Kaczmarczyk\" src=\"http:\/\/witoldgromowski.com\/wp-content\/uploads\/2017\/04\/17917674_1079565138815907_3522221914675689870_o.jpg\" alt=\"Taekwon-do Gromowski Kadra Polski Dzia\u0142dowo Marta Kaczmarczyk\" width=\"496\" height=\"308\" srcset=\"https:\/\/witoldgromowski.com\/wp-content\/uploads\/2017\/04\/17917674_1079565138815907_3522221914675689870_o.jpg 1010w, https:\/\/witoldgromowski.com\/wp-content\/uploads\/2017\/04\/17917674_1079565138815907_3522221914675689870_o-300x186.jpg 300w\" sizes=\"auto, (max-width: 496px) 100vw, 496px\" \/><\/a><\/p>\n<p>&nbsp;<\/p>\n<p>&nbsp;<\/p>\n<p>&nbsp;<\/p>\n<p>&nbsp;<\/p>\n<p>&nbsp;<\/p>\n<p>&nbsp;<\/p>\n<p>&nbsp;<\/p>\n<p>Imi\u0119 i nazwisko kadrowicza &#8211; Justyna Szatkowska<br \/>\nKategoria wiekowa &#8211; Junior<br \/>\nSekcja &#8211; M\u0142awa<br \/>\nTrener &#8211; Witold Gromowski<br \/>\nLiczba punkt\u00f3w rankingowych &#8211; 10<br \/>\nIII miejsce walki semi contact -55 kg<br \/>\nI miejsce uk\u0142ady formalne<br \/>\nII miejsce uk\u0142ady dru\u017cynowe &#8211; konkurencja nierankingowa<br \/>\n<a href=\"http:\/\/witoldgromowski.com\/wp-content\/uploads\/2017\/04\/17952451_1079571825481905_4692044099699631842_n.jpg\"><img loading=\"lazy\" decoding=\"async\" class=\"alignleft wp-image-1118\" title=\"Taekwon-do Gromowski Kadra Polski M\u0142awa Justyna Szatkowska\" src=\"http:\/\/witoldgromowski.com\/wp-content\/uploads\/2017\/04\/17952451_1079571825481905_4692044099699631842_n.jpg\" alt=\"Taekwon-do Gromowski Kadra Polski M\u0142awa Justyna Szatkowska\" width=\"495\" height=\"307\" srcset=\"https:\/\/witoldgromowski.com\/wp-content\/uploads\/2017\/04\/17952451_1079571825481905_4692044099699631842_n.jpg 477w, https:\/\/witoldgromowski.com\/wp-content\/uploads\/2017\/04\/17952451_1079571825481905_4692044099699631842_n-300x186.jpg 300w\" sizes=\"auto, (max-width: 495px) 100vw, 495px\" \/><\/a><\/p>\n","protected":false},"excerpt":{"rendered":"<p>Czterech zawodnik\u00f3w Taekwon-do Gromowski zosta\u0142o powo\u0142anych do Kadry Narodowej! Mateusz Biega\u0144ski &#8211; Dzia\u0142dowo Weronika Brzozowska &#8211; Toru\u0144 Justyna Szatkowska &#8211; M\u0142awa Marta Kaczmarczyk &#8211; Dzia\u0142dowo<\/p>\n","protected":false},"author":1,"featured_media":1116,"comment_status":"closed","ping_status":"closed","sticky":false,"template":"","format":"standard","meta":{"footnotes":""},"categories":[1],"tags":[11,28,12,8,29,15,10,6],"class_list":["post-1114","post","type-post","status-publish","format-standard","has-post-thumbnail","hentry","category-uncategorized","tag-dzialdowo","tag-kadra","tag-mlawa","tag-pft","tag-polski","tag-taekwon-do","tag-taekwondo","tag-torun"],"_links":{"self":[{"href":"https:\/\/witoldgromowski.com\/index.php\/wp-json\/wp\/v2\/posts\/1114","targetHints":{"allow":["GET"]}}],"collection":[{"href":"https:\/\/witoldgromowski.com\/index.php\/wp-json\/wp\/v2\/posts"}],"about":[{"href":"https:\/\/witoldgromowski.com\/index.php\/wp-json\/wp\/v2\/types\/post"}],"author":[{"embeddable":true,"href":"https:\/\/witoldgromowski.com\/index.php\/wp-json\/wp\/v2\/users\/1"}],"replies":[{"embeddable":true,"href":"https:\/\/witoldgromowski.com\/index.php\/wp-json\/wp\/v2\/comments?post=1114"}],"version-history":[{"count":1,"href":"https:\/\/witoldgromowski.com\/index.php\/wp-json\/wp\/v2\/posts\/1114\/revisions"}],"predecessor-version":[{"id":1119,"href":"https:\/\/witoldgromowski.com\/index.php\/wp-json\/wp\/v2\/posts\/1114\/revisions\/1119"}],"wp:featuredmedia":[{"embeddable":true,"href":"https:\/\/witoldgromowski.com\/index.php\/wp-json\/wp\/v2\/media\/1116"}],"wp:attachment":[{"href":"https:\/\/witoldgromowski.com\/index.php\/wp-json\/wp\/v2\/media?parent=1114"}],"wp:term":[{"taxonomy":"category","embeddable":true,"href":"https:\/\/witoldgromowski.com\/index.php\/wp-json\/wp\/v2\/categories?post=1114"},{"taxonomy":"post_tag","embeddable":true,"href":"https:\/\/witoldgromowski.com\/index.php\/wp-json\/wp\/v2\/tags?post=1114"}],"curies":[{"name":"wp","href":"https:\/\/api.w.org\/{rel}","templated":true}]}}